{"id":163,"date":"2025-03-03T11:53:05","date_gmt":"2025-03-03T11:53:05","guid":{"rendered":"http:\/\/tdi_354_804"},"modified":"2025-03-03T19:30:52","modified_gmt":"2025-03-03T19:30:52","slug":"mobile-marketing-is-said-to-be-the-future-of-e-commerce","status":"publish","type":"post","link":"https:\/\/newspaper.condensadonumerico.pt\/?p=163","title":{"rendered":"Est\u00e1gios 2025"},"content":{"rendered":"<p><strong>Condensado Num\u00e9rico \u2013 Engenharia Inform\u00e1tica Refor\u00e7a Colabora\u00e7\u00e3o com Escolas na Forma\u00e7\u00e3o de Estagi\u00e1rios<\/strong><\/p>\n<blockquote><p>Dando continuidade ao compromisso com a forma\u00e7\u00e3o e o desenvolvimento de futuros profissionais de tecnologia, a <strong>Condensado Num\u00e9rico \u2013 Engenharia Inform\u00e1tica<\/strong> volta a acolher estagi\u00e1rios em 2025, proporcionando-lhes uma experi\u00eancia imersiva no mundo do trabalho.<\/p>\n<p>Mantendo a tradi\u00e7\u00e3o dos anos anteriores, a empresa recebe estudantes dos cursos de <strong>Inform\u00e1tica e Programa\u00e7\u00e3o<\/strong>, oferecendo-lhes a oportunidade de realizar est\u00e1gios em um ambiente de trabalho real, onde podem aplicar os conhecimentos adquiridos em sala de aula e desenvolver compet\u00eancias essenciais para a sua futura carreira.<\/p>\n<p>Este ano, os estagi\u00e1rios prov\u00eam de diversas institui\u00e7\u00f5es de ensino e forma\u00e7\u00e3o profissional, incluindo o <strong>Polit\u00e9cnico de Leiria, Escola Profissional de Leiria, Instituto de Emprego e Forma\u00e7\u00e3o Profissional, Agrupamento de Escolas da Batalha e Escola Secund\u00e1ria Domingues Sequeira<\/strong>. No total, cerca de uma dezena de alunos ter\u00e3o a oportunidade de integrar os projetos da empresa, adquirindo experi\u00eancia pr\u00e1tica e contacto com desafios reais do setor da engenharia inform\u00e1tica.<\/p>\n<p>A Condensado Num\u00e9rico reafirma assim o seu compromisso com a forma\u00e7\u00e3o de novos talentos, contribuindo ativamente para a qualifica\u00e7\u00e3o dos profissionais do futuro e para o fortalecimento da liga\u00e7\u00e3o entre o ensino e o mercado de trabalho.<\/p><\/blockquote>\n<p><a href=\"https:\/\/newspaper.condensadonumerico.pt\/wp-content\/uploads\/2025\/03\/p1.jpg\"><img loading=\"lazy\" decoding=\"async\" class=\" td-modal-image aligncenter wp-image-14\" src=\"https:\/\/newspaper.condensadonumerico.pt\/wp-content\/uploads\/2025\/03\/p1.jpg\" alt=\"\" width=\"1920\" height=\"1280\" \/><\/a><\/p>\n<p>Este ano, os estagi\u00e1rios prov\u00eam de diversas institui\u00e7\u00f5es de ensino e forma\u00e7\u00e3o profissional, incluindo o <strong>Polit\u00e9cnico de Leiria, Escola Profissional de Leiria, Instituto de Emprego e Forma\u00e7\u00e3o Profissional, Agrupamento de Escolas da Batalha e Escola Secund\u00e1ria Domingues Sequeira<\/strong>. No total, cerca de uma dezena de alunos ter\u00e3o a oportunidade de integrar os projetos da empresa, adquirindo experi\u00eancia pr\u00e1tica e contacto com desafios reais do setor da engenharia inform\u00e1tica.<\/p>\n<p>A Condensado Num\u00e9rico reafirma assim o seu compromisso com a forma\u00e7\u00e3o de novos talentos, contribuindo ativamente para a qualifica\u00e7\u00e3o dos profissionais do futuro e para o fortalecimento da liga\u00e7\u00e3o entre o ensino e o mercado de trabalho.<\/p>\n<p><a href=\"https:\/\/newspaper.condensadonumerico.pt\/wp-content\/uploads\/2025\/03\/p2.jpg\"><img loading=\"lazy\" decoding=\"async\" class=\" td-modal-image aligncenter wp-image-24\" src=\"https:\/\/newspaper.condensadonumerico.pt\/wp-content\/uploads\/2025\/03\/p2.jpg\" alt=\"\" width=\"1920\" height=\"1280\" \/><\/a><\/p>\n<p>A Condensado Num\u00e9rico reafirma assim o seu compromisso com a forma\u00e7\u00e3o de novos talentos, contribuindo ativamente para a qualifica\u00e7\u00e3o dos profissionais do futuro e para o fortalecimento da liga\u00e7\u00e3o entre o ensino e o mercado de trabalho.<\/p>\n","protected":false},"excerpt":{"rendered":"<p>Condensado Num\u00e9rico \u2013 Engenharia Inform\u00e1tica Refor\u00e7a Colabora\u00e7\u00e3o com Escolas na Forma\u00e7\u00e3o de Estagi\u00e1rios Dando continuidade ao compromisso com a forma\u00e7\u00e3o e o desenvolvimento de futuros profissionais de tecnologia, a Condensado Num\u00e9rico \u2013 Engenharia Inform\u00e1tica volta a acolher estagi\u00e1rios em 2025, proporcionando-lhes uma experi\u00eancia imersiva no mundo do trabalho. Mantendo a tradi\u00e7\u00e3o dos anos anteriores, a [&hellip;]<\/p>\n","protected":false},"author":1,"featured_media":19,"comment_status":"open","ping_status":"open","sticky":false,"template":"","format":"standard","meta":{"footnotes":""},"categories":[13],"tags":[],"class_list":{"0":"post-163","1":"post","2":"type-post","3":"status-publish","4":"format-standard","5":"has-post-thumbnail","7":"category-marketing"},"_links":{"self":[{"href":"https:\/\/newspaper.condensadonumerico.pt\/index.php?rest_route=\/wp\/v2\/posts\/163","targetHints":{"allow":["GET"]}}],"collection":[{"href":"https:\/\/newspaper.condensadonumerico.pt\/index.php?rest_route=\/wp\/v2\/posts"}],"about":[{"href":"https:\/\/newspaper.condensadonumerico.pt\/index.php?rest_route=\/wp\/v2\/types\/post"}],"author":[{"embeddable":true,"href":"https:\/\/newspaper.condensadonumerico.pt\/index.php?rest_route=\/wp\/v2\/users\/1"}],"replies":[{"embeddable":true,"href":"https:\/\/newspaper.condensadonumerico.pt\/index.php?rest_route=%2Fwp%2Fv2%2Fcomments&post=163"}],"version-history":[{"count":2,"href":"https:\/\/newspaper.condensadonumerico.pt\/index.php?rest_route=\/wp\/v2\/posts\/163\/revisions"}],"predecessor-version":[{"id":233,"href":"https:\/\/newspaper.condensadonumerico.pt\/index.php?rest_route=\/wp\/v2\/posts\/163\/revisions\/233"}],"wp:featuredmedia":[{"embeddable":true,"href":"https:\/\/newspaper.condensadonumerico.pt\/index.php?rest_route=\/wp\/v2\/media\/19"}],"wp:attachment":[{"href":"https:\/\/newspaper.condensadonumerico.pt\/index.php?rest_route=%2Fwp%2Fv2%2Fmedia&parent=163"}],"wp:term":[{"taxonomy":"category","embeddable":true,"href":"https:\/\/newspaper.condensadonumerico.pt\/index.php?rest_route=%2Fwp%2Fv2%2Fcategories&post=163"},{"taxonomy":"post_tag","embeddable":true,"href":"https:\/\/newspaper.condensadonumerico.pt\/index.php?rest_route=%2Fwp%2Fv2%2Ftags&post=163"}],"curies":[{"name":"wp","href":"https:\/\/api.w.org\/{rel}","templated":true}]}}